{"id":2641,"date":"2024-11-03T11:30:00","date_gmt":"2024-11-03T11:30:00","guid":{"rendered":"https:\/\/carnetanatole.fr\/?p=2641"},"modified":"2024-12-26T17:42:23","modified_gmt":"2024-12-26T17:42:23","slug":"marches-noel-2024","status":"publish","type":"post","link":"https:\/\/carnetanatole.fr\/en\/marches-noel-2024","title":{"rendered":"March\u00e9s de No\u00ebl 2024"},"content":{"rendered":"<p>Pour cette fin d\u2019ann\u00e9e 2024, je serai pr\u00e9sent \u00e0 trois march\u00e9s de No\u00ebl dans le Val d&rsquo;Oise avec mes carnets et mes illustrations\u00a0!<\/p>\n\n\n\n<p>Pour l\u2019occasion, j\u2019aurai pour la premi\u00e8re fois sur le stand&nbsp;:<\/p>\n\n\n\n<ul class=\"wp-block-list\">\n<li>des <strong>agendas <\/strong>perp\u00e9tuels avec de jolies tranches brillantes.<\/li>\n\n\n\n<li>des <strong>cartes de v\u0153ux<\/strong> <a href=\"https:\/\/carnetanatole.fr\/en\/les-grenouilles\/\">grenouilles<\/a>, une rigolote et une mignonne.<\/li>\n\n\n\n<li>des <strong>stickers <\/strong>Sire N\u00e9nuphar en renne de No\u00ebl.<\/li>\n\n\n\n<li>des <strong>carnets en papier \u00e9pais <\/strong>(210 g\/m\u00b2).<\/li>\n\n\n\n<li>et des <strong>aquarelles originales<\/strong> th\u00e9matiques de No\u00ebl\u00a0!<\/li>\n<\/ul>\n\n\n\n<p>Et bien s\u00fbr, il y aura comme toujours les carnets en papier classique (de 80 \u00e0 120 g\/m\u00b2), les grimoires, les reproductions de mes illustrations (en petit format et en format toile) et les stickers.<\/p>\n\n\n\n<p>Vous pourrez donc d\u00e9couvrir <a href=\"https:\/\/carnetanatole.fr\/en\/portfolio-reliure\/\">mes cr\u00e9ations<\/a> aux march\u00e9s suivants\u00a0(dans le Val d&rsquo;Oise) :<\/p>\n\n\n\n<ul class=\"wp-block-list\">\n<li>16-17 novembre\u00a0: <a href=\"https:\/\/www.facebook.com\/events\/931364028832461\">17e \u00e9dition du Salon de No\u00ebl artisanal d\u2019Auvers-sur-Oise<\/a> <\/li>\n\n\n\n<li>6-7-8 d\u00e9cembre\u00a0: <a href=\"https:\/\/www.instagram.com\/champagneenfete\/?hl=fr\">March\u00e9 de No\u00ebl de Champagne-sur-Oise<\/a><\/li>\n\n\n\n<li>14-15 d\u00e9cembre\u00a0: <a href=\"https:\/\/www.meriel.fr\/Nos+&eacute;venements\/28\/1425\">March\u00e9 de No\u00ebl de M\u00e9riel<\/a><\/li>\n<\/ul>\n\n\n\n<p>On s&rsquo;y retrouve bient\u00f4t ?<\/p>","protected":false},"excerpt":{"rendered":"<p>Pour cette fin d\u2019ann\u00e9e 2024, je serai pr\u00e9sent \u00e0 trois march\u00e9s de No\u00ebl dans le Val d&rsquo;Oise avec mes carnets et mes illustrations\u00a0! Pour l\u2019occasion, j\u2019aurai pour la premi\u00e8re fois sur le stand&nbsp;: Et bien s\u00fbr, il y aura comme toujours les carnets en papier classique (de 80 \u00e0 120 g\/m\u00b2), les grimoires, les reproductions [&hellip;]<\/p>\n","protected":false},"author":1,"featured_media":2902,"comment_status":"open","ping_status":"open","sticky":false,"template":"","format":"standard","meta":{"_monsterinsights_skip_tracking":false,"_monsterinsights_sitenote_active":false,"_monsterinsights_sitenote_note":"","_monsterinsights_sitenote_category":0,"jetpack_post_was_ever_published":false,"_jetpack_newsletter_access":"","_jetpack_dont_email_post_to_subs":false,"_jetpack_newsletter_tier_id":0,"_jetpack_memberships_contains_paywalled_content":false,"_jetpack_memberships_contains_paid_content":false,"footnotes":"","_links_to":"","_links_to_target":""},"categories":[17,52],"tags":[],"class_list":["post-2641","post","type-post","status-publish","format-standard","has-post-thumbnail","hentry","category-blog","category-marches-salons-et-festivals"],"yoast_head":"<!-- This site is optimized with the Yoast SEO plugin v27.5 - https:\/\/yoast.com\/product\/yoast-seo-wordpress\/ -->\n<title>March\u00e9s de No\u00ebl 2024 - Les Carnets d&#039;Anatole<\/title>\n<meta name=\"description\" content=\"Pour cette fin d\u2019ann\u00e9e, je serai pr\u00e9sent \u00e0 trois march\u00e9s de No\u00ebl dans le Val d&#039;Oise avec mes carnets et mes illustrations\u00a0!\" \/>\n<meta name=\"robots\" content=\"index, follow, max-snippet:-1, max-image-preview:large, max-video-preview:-1\" \/>\n<link rel=\"canonical\" href=\"https:\/\/carnetanatole.fr\/en\/marches-noel-2024\/\" \/>\n<meta property=\"og:locale\" content=\"en_GB\" \/>\n<meta property=\"og:type\" content=\"article\" \/>\n<meta property=\"og:title\" content=\"March\u00e9s de No\u00ebl 2024 - Les Carnets d&#039;Anatole\" \/>\n<meta property=\"og:description\" content=\"Pour cette fin d\u2019ann\u00e9e, je serai pr\u00e9sent \u00e0 trois march\u00e9s de No\u00ebl dans le Val d&#039;Oise avec mes carnets et mes illustrations\u00a0!\" \/>\n<meta property=\"og:url\" content=\"https:\/\/carnetanatole.fr\/en\/marches-noel-2024\/\" \/>\n<meta property=\"og:site_name\" content=\"Les Carnets d&#039;Anatole\" \/>\n<meta property=\"article:published_time\" content=\"2024-11-03T11:30:00+00:00\" \/>\n<meta property=\"article:modified_time\" content=\"2024-12-26T17:42:23+00:00\" \/>\n<meta property=\"og:image\" content=\"https:\/\/carnetanatole.fr\/wp-content\/uploads\/2024\/11\/IMG20241116111318.jpg\" \/>\n\t<meta property=\"og:image:width\" content=\"1978\" \/>\n\t<meta property=\"og:image:height\" content=\"1483\" \/>\n\t<meta property=\"og:image:type\" content=\"image\/jpeg\" \/>\n<meta name=\"author\" content=\"An1-4dmin\" \/>\n<meta name=\"twitter:card\" content=\"summary_large_image\" \/>\n<meta name=\"twitter:label1\" content=\"Written by\" \/>\n\t<meta name=\"twitter:data1\" content=\"An1-4dmin\" \/>\n\t<meta name=\"twitter:label2\" content=\"Estimated reading time\" \/>\n\t<meta name=\"twitter:data2\" content=\"1 minute\" \/>\n<script type=\"application\/ld+json\" class=\"yoast-schema-graph\">{\"@context\":\"https:\\\/\\\/schema.org\",\"@graph\":[{\"@type\":\"Article\",\"@id\":\"https:\\\/\\\/carnetanatole.fr\\\/marches-noel-2024#article\",\"isPartOf\":{\"@id\":\"https:\\\/\\\/carnetanatole.fr\\\/marches-noel-2024\"},\"author\":{\"name\":\"An1-4dmin\",\"@id\":\"https:\\\/\\\/carnetanatole.fr\\\/#\\\/schema\\\/person\\\/bb3d7e35ff1a6f6078c4acf971868ee6\"},\"headline\":\"March\u00e9s de No\u00ebl 2024\",\"datePublished\":\"2024-11-03T11:30:00+00:00\",\"dateModified\":\"2024-12-26T17:42:23+00:00\",\"mainEntityOfPage\":{\"@id\":\"https:\\\/\\\/carnetanatole.fr\\\/marches-noel-2024\"},\"wordCount\":181,\"commentCount\":0,\"publisher\":{\"@id\":\"https:\\\/\\\/carnetanatole.fr\\\/#organization\"},\"image\":{\"@id\":\"https:\\\/\\\/carnetanatole.fr\\\/marches-noel-2024#primaryimage\"},\"thumbnailUrl\":\"https:\\\/\\\/i0.wp.com\\\/carnetanatole.fr\\\/wp-content\\\/uploads\\\/2024\\\/11\\\/IMG20241116111318.jpg?fit=1978%2C1483&ssl=1\",\"articleSection\":[\"Blog\",\"march\u00e9s, salons et festivals\"],\"inLanguage\":\"en-GB\",\"potentialAction\":[{\"@type\":\"CommentAction\",\"name\":\"Comment\",\"target\":[\"https:\\\/\\\/carnetanatole.fr\\\/marches-noel-2024#respond\"]}]},{\"@type\":\"WebPage\",\"@id\":\"https:\\\/\\\/carnetanatole.fr\\\/marches-noel-2024\",\"url\":\"https:\\\/\\\/carnetanatole.fr\\\/marches-noel-2024\",\"name\":\"March\u00e9s de No\u00ebl 2024 - Les Carnets d&#039;Anatole\",\"isPartOf\":{\"@id\":\"https:\\\/\\\/carnetanatole.fr\\\/#website\"},\"primaryImageOfPage\":{\"@id\":\"https:\\\/\\\/carnetanatole.fr\\\/marches-noel-2024#primaryimage\"},\"image\":{\"@id\":\"https:\\\/\\\/carnetanatole.fr\\\/marches-noel-2024#primaryimage\"},\"thumbnailUrl\":\"https:\\\/\\\/i0.wp.com\\\/carnetanatole.fr\\\/wp-content\\\/uploads\\\/2024\\\/11\\\/IMG20241116111318.jpg?fit=1978%2C1483&ssl=1\",\"datePublished\":\"2024-11-03T11:30:00+00:00\",\"dateModified\":\"2024-12-26T17:42:23+00:00\",\"description\":\"Pour cette fin d\u2019ann\u00e9e, je serai pr\u00e9sent \u00e0 trois march\u00e9s de No\u00ebl dans le Val d'Oise avec mes carnets et mes illustrations\u00a0!\",\"breadcrumb\":{\"@id\":\"https:\\\/\\\/carnetanatole.fr\\\/marches-noel-2024#breadcrumb\"},\"inLanguage\":\"en-GB\",\"potentialAction\":[{\"@type\":\"ReadAction\",\"target\":[\"https:\\\/\\\/carnetanatole.fr\\\/marches-noel-2024\"]}]},{\"@type\":\"ImageObject\",\"inLanguage\":\"en-GB\",\"@id\":\"https:\\\/\\\/carnetanatole.fr\\\/marches-noel-2024#primaryimage\",\"url\":\"https:\\\/\\\/i0.wp.com\\\/carnetanatole.fr\\\/wp-content\\\/uploads\\\/2024\\\/11\\\/IMG20241116111318.jpg?fit=1978%2C1483&ssl=1\",\"contentUrl\":\"https:\\\/\\\/i0.wp.com\\\/carnetanatole.fr\\\/wp-content\\\/uploads\\\/2024\\\/11\\\/IMG20241116111318.jpg?fit=1978%2C1483&ssl=1\",\"width\":1978,\"height\":1483},{\"@type\":\"BreadcrumbList\",\"@id\":\"https:\\\/\\\/carnetanatole.fr\\\/marches-noel-2024#breadcrumb\",\"itemListElement\":[{\"@type\":\"ListItem\",\"position\":1,\"name\":\"Accueil\",\"item\":\"https:\\\/\\\/carnetanatole.fr\\\/\"},{\"@type\":\"ListItem\",\"position\":2,\"name\":\"March\u00e9s de No\u00ebl 2024\"}]},{\"@type\":\"WebSite\",\"@id\":\"https:\\\/\\\/carnetanatole.fr\\\/#website\",\"url\":\"https:\\\/\\\/carnetanatole.fr\\\/\",\"name\":\"Les Carnets d&#039;Anatole\",\"description\":\"Grimoires, carnets, et illustrations\",\"publisher\":{\"@id\":\"https:\\\/\\\/carnetanatole.fr\\\/#organization\"},\"potentialAction\":[{\"@type\":\"SearchAction\",\"target\":{\"@type\":\"EntryPoint\",\"urlTemplate\":\"https:\\\/\\\/carnetanatole.fr\\\/?s={search_term_string}\"},\"query-input\":{\"@type\":\"PropertyValueSpecification\",\"valueRequired\":true,\"valueName\":\"search_term_string\"}}],\"inLanguage\":\"en-GB\"},{\"@type\":\"Organization\",\"@id\":\"https:\\\/\\\/carnetanatole.fr\\\/#organization\",\"name\":\"Les Carnets d&#039;Anatole\",\"url\":\"https:\\\/\\\/carnetanatole.fr\\\/\",\"logo\":{\"@type\":\"ImageObject\",\"inLanguage\":\"en-GB\",\"@id\":\"https:\\\/\\\/carnetanatole.fr\\\/#\\\/schema\\\/logo\\\/image\\\/\",\"url\":\"https:\\\/\\\/i0.wp.com\\\/carnetanatole.fr\\\/wp-content\\\/uploads\\\/2025\\\/04\\\/Illustration95-2-scaled.png?fit=2560%2C2560&ssl=1\",\"contentUrl\":\"https:\\\/\\\/i0.wp.com\\\/carnetanatole.fr\\\/wp-content\\\/uploads\\\/2025\\\/04\\\/Illustration95-2-scaled.png?fit=2560%2C2560&ssl=1\",\"width\":2560,\"height\":2560,\"caption\":\"Les Carnets d&#039;Anatole\"},\"image\":{\"@id\":\"https:\\\/\\\/carnetanatole.fr\\\/#\\\/schema\\\/logo\\\/image\\\/\"}},{\"@type\":\"Person\",\"@id\":\"https:\\\/\\\/carnetanatole.fr\\\/#\\\/schema\\\/person\\\/bb3d7e35ff1a6f6078c4acf971868ee6\",\"name\":\"An1-4dmin\",\"image\":{\"@type\":\"ImageObject\",\"inLanguage\":\"en-GB\",\"@id\":\"https:\\\/\\\/secure.gravatar.com\\\/avatar\\\/720360a33554cf6a2bb8973a3fa222e90c4aced1a0992bf10cc8b193ebe717b0?s=96&d=mm&r=g\",\"url\":\"https:\\\/\\\/secure.gravatar.com\\\/avatar\\\/720360a33554cf6a2bb8973a3fa222e90c4aced1a0992bf10cc8b193ebe717b0?s=96&d=mm&r=g\",\"contentUrl\":\"https:\\\/\\\/secure.gravatar.com\\\/avatar\\\/720360a33554cf6a2bb8973a3fa222e90c4aced1a0992bf10cc8b193ebe717b0?s=96&d=mm&r=g\",\"caption\":\"An1-4dmin\"},\"url\":\"https:\\\/\\\/carnetanatole.fr\\\/en\\\/author\\\/an1-4dmin\"}]}<\/script>\n<!-- \/ Yoast SEO plugin. -->","yoast_head_json":{"title":"March\u00e9s de No\u00ebl 2024 - Les Carnets d&#039;Anatole","description":"Pour cette fin d\u2019ann\u00e9e, je serai pr\u00e9sent \u00e0 trois march\u00e9s de No\u00ebl dans le Val d'Oise avec mes carnets et mes illustrations\u00a0!","robots":{"index":"index","follow":"follow","max-snippet":"max-snippet:-1","max-image-preview":"max-image-preview:large","max-video-preview":"max-video-preview:-1"},"canonical":"https:\/\/carnetanatole.fr\/en\/marches-noel-2024\/","og_locale":"en_GB","og_type":"article","og_title":"March\u00e9s de No\u00ebl 2024 - Les Carnets d&#039;Anatole","og_description":"Pour cette fin d\u2019ann\u00e9e, je serai pr\u00e9sent \u00e0 trois march\u00e9s de No\u00ebl dans le Val d'Oise avec mes carnets et mes illustrations\u00a0!","og_url":"https:\/\/carnetanatole.fr\/en\/marches-noel-2024\/","og_site_name":"Les Carnets d&#039;Anatole","article_published_time":"2024-11-03T11:30:00+00:00","article_modified_time":"2024-12-26T17:42:23+00:00","og_image":[{"width":1978,"height":1483,"url":"https:\/\/carnetanatole.fr\/wp-content\/uploads\/2024\/11\/IMG20241116111318.jpg","type":"image\/jpeg"}],"author":"An1-4dmin","twitter_card":"summary_large_image","twitter_misc":{"Written by":"An1-4dmin","Estimated reading time":"1 minute"},"schema":{"@context":"https:\/\/schema.org","@graph":[{"@type":"Article","@id":"https:\/\/carnetanatole.fr\/marches-noel-2024#article","isPartOf":{"@id":"https:\/\/carnetanatole.fr\/marches-noel-2024"},"author":{"name":"An1-4dmin","@id":"https:\/\/carnetanatole.fr\/#\/schema\/person\/bb3d7e35ff1a6f6078c4acf971868ee6"},"headline":"March\u00e9s de No\u00ebl 2024","datePublished":"2024-11-03T11:30:00+00:00","dateModified":"2024-12-26T17:42:23+00:00","mainEntityOfPage":{"@id":"https:\/\/carnetanatole.fr\/marches-noel-2024"},"wordCount":181,"commentCount":0,"publisher":{"@id":"https:\/\/carnetanatole.fr\/#organization"},"image":{"@id":"https:\/\/carnetanatole.fr\/marches-noel-2024#primaryimage"},"thumbnailUrl":"https:\/\/i0.wp.com\/carnetanatole.fr\/wp-content\/uploads\/2024\/11\/IMG20241116111318.jpg?fit=1978%2C1483&ssl=1","articleSection":["Blog","march\u00e9s, salons et festivals"],"inLanguage":"en-GB","potentialAction":[{"@type":"CommentAction","name":"Comment","target":["https:\/\/carnetanatole.fr\/marches-noel-2024#respond"]}]},{"@type":"WebPage","@id":"https:\/\/carnetanatole.fr\/marches-noel-2024","url":"https:\/\/carnetanatole.fr\/marches-noel-2024","name":"March\u00e9s de No\u00ebl 2024 - Les Carnets d&#039;Anatole","isPartOf":{"@id":"https:\/\/carnetanatole.fr\/#website"},"primaryImageOfPage":{"@id":"https:\/\/carnetanatole.fr\/marches-noel-2024#primaryimage"},"image":{"@id":"https:\/\/carnetanatole.fr\/marches-noel-2024#primaryimage"},"thumbnailUrl":"https:\/\/i0.wp.com\/carnetanatole.fr\/wp-content\/uploads\/2024\/11\/IMG20241116111318.jpg?fit=1978%2C1483&ssl=1","datePublished":"2024-11-03T11:30:00+00:00","dateModified":"2024-12-26T17:42:23+00:00","description":"Pour cette fin d\u2019ann\u00e9e, je serai pr\u00e9sent \u00e0 trois march\u00e9s de No\u00ebl dans le Val d'Oise avec mes carnets et mes illustrations\u00a0!","breadcrumb":{"@id":"https:\/\/carnetanatole.fr\/marches-noel-2024#breadcrumb"},"inLanguage":"en-GB","potentialAction":[{"@type":"ReadAction","target":["https:\/\/carnetanatole.fr\/marches-noel-2024"]}]},{"@type":"ImageObject","inLanguage":"en-GB","@id":"https:\/\/carnetanatole.fr\/marches-noel-2024#primaryimage","url":"https:\/\/i0.wp.com\/carnetanatole.fr\/wp-content\/uploads\/2024\/11\/IMG20241116111318.jpg?fit=1978%2C1483&ssl=1","contentUrl":"https:\/\/i0.wp.com\/carnetanatole.fr\/wp-content\/uploads\/2024\/11\/IMG20241116111318.jpg?fit=1978%2C1483&ssl=1","width":1978,"height":1483},{"@type":"BreadcrumbList","@id":"https:\/\/carnetanatole.fr\/marches-noel-2024#breadcrumb","itemListElement":[{"@type":"ListItem","position":1,"name":"Accueil","item":"https:\/\/carnetanatole.fr\/"},{"@type":"ListItem","position":2,"name":"March\u00e9s de No\u00ebl 2024"}]},{"@type":"WebSite","@id":"https:\/\/carnetanatole.fr\/#website","url":"https:\/\/carnetanatole.fr\/","name":"Les Carnets d'Anatole","description":"Grimoires, notebooks, and illustrations","publisher":{"@id":"https:\/\/carnetanatole.fr\/#organization"},"potentialAction":[{"@type":"SearchAction","target":{"@type":"EntryPoint","urlTemplate":"https:\/\/carnetanatole.fr\/?s={search_term_string}"},"query-input":{"@type":"PropertyValueSpecification","valueRequired":true,"valueName":"search_term_string"}}],"inLanguage":"en-GB"},{"@type":"Organization","@id":"https:\/\/carnetanatole.fr\/#organization","name":"Les Carnets d'Anatole","url":"https:\/\/carnetanatole.fr\/","logo":{"@type":"ImageObject","inLanguage":"en-GB","@id":"https:\/\/carnetanatole.fr\/#\/schema\/logo\/image\/","url":"https:\/\/i0.wp.com\/carnetanatole.fr\/wp-content\/uploads\/2025\/04\/Illustration95-2-scaled.png?fit=2560%2C2560&ssl=1","contentUrl":"https:\/\/i0.wp.com\/carnetanatole.fr\/wp-content\/uploads\/2025\/04\/Illustration95-2-scaled.png?fit=2560%2C2560&ssl=1","width":2560,"height":2560,"caption":"Les Carnets d&#039;Anatole"},"image":{"@id":"https:\/\/carnetanatole.fr\/#\/schema\/logo\/image\/"}},{"@type":"Person","@id":"https:\/\/carnetanatole.fr\/#\/schema\/person\/bb3d7e35ff1a6f6078c4acf971868ee6","name":"An1-4dmin","image":{"@type":"ImageObject","inLanguage":"en-GB","@id":"https:\/\/secure.gravatar.com\/avatar\/720360a33554cf6a2bb8973a3fa222e90c4aced1a0992bf10cc8b193ebe717b0?s=96&d=mm&r=g","url":"https:\/\/secure.gravatar.com\/avatar\/720360a33554cf6a2bb8973a3fa222e90c4aced1a0992bf10cc8b193ebe717b0?s=96&d=mm&r=g","contentUrl":"https:\/\/secure.gravatar.com\/avatar\/720360a33554cf6a2bb8973a3fa222e90c4aced1a0992bf10cc8b193ebe717b0?s=96&d=mm&r=g","caption":"An1-4dmin"},"url":"https:\/\/carnetanatole.fr\/en\/author\/an1-4dmin"}]}},"jetpack_featured_media_url":"https:\/\/i0.wp.com\/carnetanatole.fr\/wp-content\/uploads\/2024\/11\/IMG20241116111318.jpg?fit=1978%2C1483&ssl=1","jetpack_sharing_enabled":true,"jetpack_shortlink":"https:\/\/wp.me\/paqFPH-GB","_links":{"self":[{"href":"https:\/\/carnetanatole.fr\/en\/wp-json\/wp\/v2\/posts\/2641","targetHints":{"allow":["GET"]}}],"collection":[{"href":"https:\/\/carnetanatole.fr\/en\/wp-json\/wp\/v2\/posts"}],"about":[{"href":"https:\/\/carnetanatole.fr\/en\/wp-json\/wp\/v2\/types\/post"}],"author":[{"embeddable":true,"href":"https:\/\/carnetanatole.fr\/en\/wp-json\/wp\/v2\/users\/1"}],"replies":[{"embeddable":true,"href":"https:\/\/carnetanatole.fr\/en\/wp-json\/wp\/v2\/comments?post=2641"}],"version-history":[{"count":1,"href":"https:\/\/carnetanatole.fr\/en\/wp-json\/wp\/v2\/posts\/2641\/revisions"}],"predecessor-version":[{"id":2642,"href":"https:\/\/carnetanatole.fr\/en\/wp-json\/wp\/v2\/posts\/2641\/revisions\/2642"}],"wp:featuredmedia":[{"embeddable":true,"href":"https:\/\/carnetanatole.fr\/en\/wp-json\/wp\/v2\/media\/2902"}],"wp:attachment":[{"href":"https:\/\/carnetanatole.fr\/en\/wp-json\/wp\/v2\/media?parent=2641"}],"wp:term":[{"taxonomy":"category","embeddable":true,"href":"https:\/\/carnetanatole.fr\/en\/wp-json\/wp\/v2\/categories?post=2641"},{"taxonomy":"post_tag","embeddable":true,"href":"https:\/\/carnetanatole.fr\/en\/wp-json\/wp\/v2\/tags?post=2641"}],"curies":[{"name":"wp","href":"https:\/\/api.w.org\/{rel}","templated":true}]}}